{
    "id": 17753,
    "date": "2025-01-26T19:23:44",
    "date_gmt": "2025-01-27T01:23:44",
    "guid": {
        "rendered": "https:\/\/contratame.online\/es\/candidate\/fraquelperez\/"
    },
    "modified": "2025-01-26T19:54:37",
    "modified_gmt": "2025-01-27T01:54:37",
    "slug": "fraquelperez",
    "status": "publish",
    "type": "candidate",
    "link": "https:\/\/contratame.online\/en\/candidate\/fraquelperez\/",
    "title": {
        "rendered": "Frida Raquel P\u00e9rez Cord\u00f3n"
    },
    "content": {
        "rendered": "<p><strong>Maestra de Dise\u00f1o Gr\u00e1fico de Diversificado en Colegio Presbiteriano Juan Calvino, en Amatitl\u00e1n.<\/strong><\/p>\n<p>Durante el tiempo que estuve como maestra de diversificado de dise\u00f1o gr\u00e1fico en el Colegio, he tenido la oportunidad de implementar m\u00e9todos de ense\u00f1anza innovadores y din\u00e1micos que han captado el inter\u00e9s de mis estudiantes. Me enorgullece haber creado un ambiente de aprendizaje interactivo y motivador, ayudando a mis estudiantes a desarrollar habilidades pr\u00e1cticas en dise\u00f1o gr\u00e1fico y prepar\u00e1ndolos para futuros desaf\u00edos en el campo. Adem\u00e1s, he demostrado habilidades de liderazgo al guiar y apoyar a mis estudiantes, sirviendo como mentora y modelo a seguir. Mi capacidad para adaptarme a diferentes necesidades y niveles de habilidad ha asegurado que todos puedan progresar.<\/p>\n<p>&nbsp;<\/p>\n<p><strong>Pr\u00e1cticas Universitarias en Hotel Santa Teresita &amp; Spa, en Amatitl\u00e1n<\/strong><\/p>\n<p>En mis pr\u00e1cticas de tres meses y medio en el Hotel Santa Teresita, pude aplicar mis conocimientos de dise\u00f1o gr\u00e1fico y marketing para aprender y apoyar en diversas tareas. Trabajar en equipo con otros profesionales me permiti\u00f3 demostrar mis habilidades de comunicaci\u00f3n y colaboraci\u00f3n, mejorando la eficiencia y creatividad del equipo. Siempre mostr\u00e9 una actitud proactiva hacia el aprendizaje, aprovechando cada oportunidad para adquirir nuevas habilidades y conocimientos. Estoy orgullosa de haber tenido un impacto positivo en la imagen y promoci\u00f3n del Hotel Santa Teresita, ayudando a atraer y retener clientes.<\/p>",
        "protected": false
    },
    "featured_media": 17765,
    "comment_status": "open",
    "ping_status": "closed",
    "template": "",
    "candidate_category": [
        277
    ],
    "candidate_location": [],
    "candidate_tag": [],
    "class_list": [
        "post-17753",
        "candidate",
        "type-candidate",
        "status-publish",
        "has-post-thumbnail",
        "hentry",
        "candidate_category-disenador"
    ],
    "yoast_head": "<!-- This site is optimized with the Yoast SEO plugin v24.0 - https:\/\/yoast.com\/wordpress\/plugins\/seo\/ -->\n<title>Frida Raquel P\u00e9rez Cord\u00f3n - Contratame.online<\/title>\n<meta name=\"robots\" content=\"index, follow, max-snippet:-1, max-image-preview:large, max-video-preview:-1\" \/>\n<link rel=\"canonical\" href=\"https:\/\/contratame.online\/en\/candidate\/fraquelperez\/\" \/>\n<meta property=\"og:locale\" content=\"en_US\" \/>\n<meta property=\"og:type\" content=\"article\" \/>\n<meta property=\"og:title\" content=\"Frida Raquel P\u00e9rez Cord\u00f3n - Contratame.online\" \/>\n<meta property=\"og:description\" content=\"Maestra de Dise\u00f1o Gr\u00e1fico de Diversificado en Colegio Presbiteriano Juan Calvino, en Amatitl\u00e1n. Durante el tiempo que estuve como maestra de diversificado de dise\u00f1o gr\u00e1fico en el Colegio, he tenido la oportunidad de implementar m\u00e9todos de ense\u00f1anza innovadores y din\u00e1micos que han captado el inter\u00e9s de mis estudiantes. Me enorgullece haber creado un ambiente de [&hellip;]\" \/>\n<meta property=\"og:url\" content=\"https:\/\/contratame.online\/en\/candidate\/fraquelperez\/\" \/>\n<meta property=\"og:site_name\" content=\"Contratame.online\" \/>\n<meta property=\"article:publisher\" content=\"https:\/\/www.facebook.com\/contratamegt\" \/>\n<meta property=\"article:modified_time\" content=\"2025-01-27T01:54:37+00:00\" \/>\n<meta property=\"og:image\" content=\"https:\/\/contratame.online\/wp-content\/uploads\/wp-job-board-pro-uploads\/_candidate_featured_image\/2025\/01\/C73931CE-9273-4ECF-AD46-469D2E7DBD4A-scaled.jpg\" \/>\n\t<meta property=\"og:image:width\" content=\"1920\" \/>\n\t<meta property=\"og:image:height\" content=\"2560\" \/>\n\t<meta property=\"og:image:type\" content=\"image\/jpeg\" \/>\n<meta name=\"twitter:card\" content=\"summary_large_image\" \/>\n<meta name=\"twitter:label1\" content=\"Est. reading time\" \/>\n\t<meta name=\"twitter:data1\" content=\"1 minute\" \/>\n<script type=\"application\/ld+json\" class=\"yoast-schema-graph\">{\"@context\":\"https:\/\/schema.org\",\"@graph\":[{\"@type\":\"WebPage\",\"@id\":\"https:\/\/contratame.online\/es\/candidate\/fraquelperez\/\",\"url\":\"https:\/\/contratame.online\/es\/candidate\/fraquelperez\/\",\"name\":\"Frida Raquel P\u00e9rez Cord\u00f3n - Contratame.online\",\"isPartOf\":{\"@id\":\"https:\/\/contratame.online\/#website\"},\"primaryImageOfPage\":{\"@id\":\"https:\/\/contratame.online\/es\/candidate\/fraquelperez\/#primaryimage\"},\"image\":{\"@id\":\"https:\/\/contratame.online\/es\/candidate\/fraquelperez\/#primaryimage\"},\"thumbnailUrl\":\"https:\/\/contratame.online\/wp-content\/uploads\/wp-job-board-pro-uploads\/_candidate_featured_image\/2025\/01\/C73931CE-9273-4ECF-AD46-469D2E7DBD4A-scaled.jpg\",\"datePublished\":\"2025-01-27T01:23:44+00:00\",\"dateModified\":\"2025-01-27T01:54:37+00:00\",\"breadcrumb\":{\"@id\":\"https:\/\/contratame.online\/es\/candidate\/fraquelperez\/#breadcrumb\"},\"inLanguage\":\"en-US\",\"potentialAction\":[{\"@type\":\"ReadAction\",\"target\":[\"https:\/\/contratame.online\/es\/candidate\/fraquelperez\/\"]}]},{\"@type\":\"ImageObject\",\"inLanguage\":\"en-US\",\"@id\":\"https:\/\/contratame.online\/es\/candidate\/fraquelperez\/#primaryimage\",\"url\":\"https:\/\/contratame.online\/wp-content\/uploads\/wp-job-board-pro-uploads\/_candidate_featured_image\/2025\/01\/C73931CE-9273-4ECF-AD46-469D2E7DBD4A-scaled.jpg\",\"contentUrl\":\"https:\/\/contratame.online\/wp-content\/uploads\/wp-job-board-pro-uploads\/_candidate_featured_image\/2025\/01\/C73931CE-9273-4ECF-AD46-469D2E7DBD4A-scaled.jpg\",\"width\":1920,\"height\":2560},{\"@type\":\"BreadcrumbList\",\"@id\":\"https:\/\/contratame.online\/es\/candidate\/fraquelperez\/#breadcrumb\",\"itemListElement\":[{\"@type\":\"ListItem\",\"position\":1,\"name\":\"Portada\",\"item\":\"https:\/\/contratame.online\/\"},{\"@type\":\"ListItem\",\"position\":2,\"name\":\"Candidates\",\"item\":\"https:\/\/contratame.online\/en\/candidate\/\"},{\"@type\":\"ListItem\",\"position\":3,\"name\":\"Frida Raquel P\u00e9rez Cord\u00f3n\"}]},{\"@type\":\"WebSite\",\"@id\":\"https:\/\/contratame.online\/#website\",\"url\":\"https:\/\/contratame.online\/\",\"name\":\"Contratame.online\",\"description\":\"Encuentra el empleo que siempre so\u00f1aste.\",\"publisher\":{\"@id\":\"https:\/\/contratame.online\/#organization\"},\"potentialAction\":[{\"@type\":\"SearchAction\",\"target\":{\"@type\":\"EntryPoint\",\"urlTemplate\":\"https:\/\/contratame.online\/?s={search_term_string}\"},\"query-input\":{\"@type\":\"PropertyValueSpecification\",\"valueRequired\":true,\"valueName\":\"search_term_string\"}}],\"inLanguage\":\"en-US\"},{\"@type\":\"Organization\",\"@id\":\"https:\/\/contratame.online\/#organization\",\"name\":\"CONTRATA ME\",\"url\":\"https:\/\/contratame.online\/\",\"logo\":{\"@type\":\"ImageObject\",\"inLanguage\":\"en-US\",\"@id\":\"https:\/\/contratame.online\/#\/schema\/logo\/image\/\",\"url\":\"https:\/\/contratame.online\/wp-content\/uploads\/2023\/07\/logohd.png\",\"contentUrl\":\"https:\/\/contratame.online\/wp-content\/uploads\/2023\/07\/logohd.png\",\"width\":150,\"height\":50,\"caption\":\"CONTRATA ME\"},\"image\":{\"@id\":\"https:\/\/contratame.online\/#\/schema\/logo\/image\/\"},\"sameAs\":[\"https:\/\/www.facebook.com\/contratamegt\"]}]}<\/script>\n<!-- \/ Yoast SEO plugin. -->",
    "yoast_head_json": {
        "title": "Frida Raquel P\u00e9rez Cord\u00f3n - Contratame.online",
        "robots": {
            "index": "index",
            "follow": "follow",
            "max-snippet": "max-snippet:-1",
            "max-image-preview": "max-image-preview:large",
            "max-video-preview": "max-video-preview:-1"
        },
        "canonical": "https:\/\/contratame.online\/en\/candidate\/fraquelperez\/",
        "og_locale": "en_US",
        "og_type": "article",
        "og_title": "Frida Raquel P\u00e9rez Cord\u00f3n - Contratame.online",
        "og_description": "Maestra de Dise\u00f1o Gr\u00e1fico de Diversificado en Colegio Presbiteriano Juan Calvino, en Amatitl\u00e1n. Durante el tiempo que estuve como maestra de diversificado de dise\u00f1o gr\u00e1fico en el Colegio, he tenido la oportunidad de implementar m\u00e9todos de ense\u00f1anza innovadores y din\u00e1micos que han captado el inter\u00e9s de mis estudiantes. Me enorgullece haber creado un ambiente de [&hellip;]",
        "og_url": "https:\/\/contratame.online\/en\/candidate\/fraquelperez\/",
        "og_site_name": "Contratame.online",
        "article_publisher": "https:\/\/www.facebook.com\/contratamegt",
        "article_modified_time": "2025-01-27T01:54:37+00:00",
        "og_image": [
            {
                "width": 1920,
                "height": 2560,
                "url": "https:\/\/contratame.online\/wp-content\/uploads\/wp-job-board-pro-uploads\/_candidate_featured_image\/2025\/01\/C73931CE-9273-4ECF-AD46-469D2E7DBD4A-scaled.jpg",
                "type": "image\/jpeg"
            }
        ],
        "twitter_card": "summary_large_image",
        "twitter_misc": {
            "Est. reading time": "1 minute"
        },
        "schema": {
            "@context": "https:\/\/schema.org",
            "@graph": [
                {
                    "@type": "WebPage",
                    "@id": "https:\/\/contratame.online\/es\/candidate\/fraquelperez\/",
                    "url": "https:\/\/contratame.online\/es\/candidate\/fraquelperez\/",
                    "name": "Frida Raquel P\u00e9rez Cord\u00f3n - Contratame.online",
                    "isPartOf": {
                        "@id": "https:\/\/contratame.online\/#website"
                    },
                    "primaryImageOfPage": {
                        "@id": "https:\/\/contratame.online\/es\/candidate\/fraquelperez\/#primaryimage"
                    },
                    "image": {
                        "@id": "https:\/\/contratame.online\/es\/candidate\/fraquelperez\/#primaryimage"
                    },
                    "thumbnailUrl": "https:\/\/contratame.online\/wp-content\/uploads\/wp-job-board-pro-uploads\/_candidate_featured_image\/2025\/01\/C73931CE-9273-4ECF-AD46-469D2E7DBD4A-scaled.jpg",
                    "datePublished": "2025-01-27T01:23:44+00:00",
                    "dateModified": "2025-01-27T01:54:37+00:00",
                    "breadcrumb": {
                        "@id": "https:\/\/contratame.online\/es\/candidate\/fraquelperez\/#breadcrumb"
                    },
                    "inLanguage": "en-US",
                    "potentialAction": [
                        {
                            "@type": "ReadAction",
                            "target": [
                                "https:\/\/contratame.online\/es\/candidate\/fraquelperez\/"
                            ]
                        }
                    ]
                },
                {
                    "@type": "ImageObject",
                    "inLanguage": "en-US",
                    "@id": "https:\/\/contratame.online\/es\/candidate\/fraquelperez\/#primaryimage",
                    "url": "https:\/\/contratame.online\/wp-content\/uploads\/wp-job-board-pro-uploads\/_candidate_featured_image\/2025\/01\/C73931CE-9273-4ECF-AD46-469D2E7DBD4A-scaled.jpg",
                    "contentUrl": "https:\/\/contratame.online\/wp-content\/uploads\/wp-job-board-pro-uploads\/_candidate_featured_image\/2025\/01\/C73931CE-9273-4ECF-AD46-469D2E7DBD4A-scaled.jpg",
                    "width": 1920,
                    "height": 2560
                },
                {
                    "@type": "BreadcrumbList",
                    "@id": "https:\/\/contratame.online\/es\/candidate\/fraquelperez\/#breadcrumb",
                    "itemListElement": [
                        {
                            "@type": "ListItem",
                            "position": 1,
                            "name": "Portada",
                            "item": "https:\/\/contratame.online\/"
                        },
                        {
                            "@type": "ListItem",
                            "position": 2,
                            "name": "Candidates",
                            "item": "https:\/\/contratame.online\/en\/candidate\/"
                        },
                        {
                            "@type": "ListItem",
                            "position": 3,
                            "name": "Frida Raquel P\u00e9rez Cord\u00f3n"
                        }
                    ]
                },
                {
                    "@type": "WebSite",
                    "@id": "https:\/\/contratame.online\/#website",
                    "url": "https:\/\/contratame.online\/",
                    "name": "Contratame.online",
                    "description": "Encuentra el empleo que siempre so\u00f1aste.",
                    "publisher": {
                        "@id": "https:\/\/contratame.online\/#organization"
                    },
                    "potentialAction": [
                        {
                            "@type": "SearchAction",
                            "target": {
                                "@type": "EntryPoint",
                                "urlTemplate": "https:\/\/contratame.online\/?s={search_term_string}"
                            },
                            "query-input": {
                                "@type": "PropertyValueSpecification",
                                "valueRequired": true,
                                "valueName": "search_term_string"
                            }
                        }
                    ],
                    "inLanguage": "en-US"
                },
                {
                    "@type": "Organization",
                    "@id": "https:\/\/contratame.online\/#organization",
                    "name": "CONTRATA ME",
                    "url": "https:\/\/contratame.online\/",
                    "logo": {
                        "@type": "ImageObject",
                        "inLanguage": "en-US",
                        "@id": "https:\/\/contratame.online\/#\/schema\/logo\/image\/",
                        "url": "https:\/\/contratame.online\/wp-content\/uploads\/2023\/07\/logohd.png",
                        "contentUrl": "https:\/\/contratame.online\/wp-content\/uploads\/2023\/07\/logohd.png",
                        "width": 150,
                        "height": 50,
                        "caption": "CONTRATA ME"
                    },
                    "image": {
                        "@id": "https:\/\/contratame.online\/#\/schema\/logo\/image\/"
                    },
                    "sameAs": [
                        "https:\/\/www.facebook.com\/contratamegt"
                    ]
                }
            ]
        }
    },
    "metas": {
        "_candidate_location": [],
        "_candidate_age": "22",
        "_candidate_gender": "Femenino",
        "_candidate_phone": "54202202",
        "_candidate_email": "fraquelperez@gmail.com",
        "_candidate_qualification": "Licenciatura",
        "_candidate_job_title": "Estudiante Universitaria",
        "_candidate_experience_time": "1 A\u00f1o",
        "_candidate_salary": "Q6,000",
        "_candidate_languages": [
            "Espa\u00f1ol",
            "Ingl\u00e9s"
        ],
        "_candidate_skill": "",
        "_candidate_category": {
            "277": "Dise\u00f1ador"
        },
        "_candidate_cv_attachment": {
            "17755": "https:\/\/contratame.online\/wp-content\/uploads\/2025\/01\/CV-Frida-Perez.pdf.pdf"
        },
        "_candidate_education": [
            {
                "title": "Diversificado en ciencias y letras con Diplomado en Tecnolog\u00eda Computarizada",
                "academy": "Colegio Biling\u00fce K\u2019iyb\u2019al de Amatitl\u00e1n",
                "year": "2010- 2020",
                "description": ""
            },
            {
                "title": "Licenciatura en Arquitectura",
                "academy": "Universidad Mariano G\u00e1lvez de Guatemala",
                "year": "2021",
                "description": "Cursos de Arquitectura "
            },
            {
                "title": "Licenciatura en Dise\u00f1o Gr\u00e1fico",
                "academy": "Universidad Panamericana de Guatemala",
                "year": "2022- 2026"
            }
        ],
        "_candidate_experience": [
            {
                "title": "Maestra de Dise\u00f1o Gr\u00e1fico de Diversificado",
                "start_date": "2023",
                "end_date": "2024",
                "company": "Colegio Presbiteriano Juan Calvino",
                "description": ""
            },
            {
                "title": "Apoyo como Recepcionista- Secretaria (mi\u00e9rcoles por la noche y domingos por la ma\u00f1ana)",
                "start_date": "2022- actual",
                "end_date": "Actual",
                "company": "Ministerios Dios de Pactos Amatitl\u00e1n"
            }
        ],
        "_candidate_logo": "https:\/\/contratame.online\/wp-content\/uploads\/wp-job-board-pro-uploads\/_candidate_featured_image\/2025\/01\/C73931CE-9273-4ECF-AD46-469D2E7DBD4A-150x150.jpg"
    },
    "_links": {
        "self": [
            {
                "href": "https:\/\/contratame.online\/en\/wp-json\/wp\/v2\/candidate\/17753",
                "targetHints": {
                    "allow": [
                        "GET"
                    ]
                }
            }
        ],
        "collection": [
            {
                "href": "https:\/\/contratame.online\/en\/wp-json\/wp\/v2\/candidate"
            }
        ],
        "about": [
            {
                "href": "https:\/\/contratame.online\/en\/wp-json\/wp\/v2\/types\/candidate"
            }
        ],
        "replies": [
            {
                "embeddable": true,
                "href": "https:\/\/contratame.online\/en\/wp-json\/wp\/v2\/comments?post=17753"
            }
        ],
        "version-history": [
            {
                "count": 1,
                "href": "https:\/\/contratame.online\/en\/wp-json\/wp\/v2\/candidate\/17753\/revisions"
            }
        ],
        "predecessor-version": [
            {
                "id": 17754,
                "href": "https:\/\/contratame.online\/en\/wp-json\/wp\/v2\/candidate\/17753\/revisions\/17754"
            }
        ],
        "wp:featuredmedia": [
            {
                "embeddable": true,
                "href": "https:\/\/contratame.online\/en\/wp-json\/wp\/v2\/media\/17765"
            }
        ],
        "wp:attachment": [
            {
                "href": "https:\/\/contratame.online\/en\/wp-json\/wp\/v2\/media?parent=17753"
            }
        ],
        "wp:term": [
            {
                "taxonomy": "candidate_category",
                "embeddable": true,
                "href": "https:\/\/contratame.online\/en\/wp-json\/wp\/v2\/candidate_category?post=17753"
            },
            {
                "taxonomy": "candidate_location",
                "embeddable": true,
                "href": "https:\/\/contratame.online\/en\/wp-json\/wp\/v2\/candidate_location?post=17753"
            },
            {
                "taxonomy": "candidate_tag",
                "embeddable": true,
                "href": "https:\/\/contratame.online\/en\/wp-json\/wp\/v2\/candidate_tag?post=17753"
            }
        ],
        "curies": [
            {
                "name": "wp",
                "href": "https:\/\/api.w.org\/{rel}",
                "templated": true
            }
        ]
    }
}