{
    "id": 27658,
    "date": "2025-05-23T16:27:45",
    "date_gmt": "2025-05-23T22:27:45",
    "guid": {
        "rendered": "https:\/\/contratame.online\/en\/candidate\/eaimeri1961\/"
    },
    "modified": "2025-05-23T17:17:32",
    "modified_gmt": "2025-05-23T23:17:32",
    "slug": "eaimeri1961",
    "status": "publish",
    "type": "candidate",
    "link": "https:\/\/contratame.online\/en\/candidate\/eaimeri1961\/",
    "title": {
        "rendered": "Eduardo Alejandro Imeri Velarde"
    },
    "content": {
        "rendered": "<p>Profesional con +20 a\u00f1os de experiencia como Gerente General &#8211; Gerente de Pa\u00eds &#8211; Director Regional Financiero &#8211; Director Comercial para empresas de consumo masivo B2B y B2C, desarrollo inmobiliario, telecomunicaciones y Hoteler\u00eda. Capacidad para trabajar en equipos de alto desempe\u00f1o y multidisciplinarios, proactividad, compromiso, creatividad, responsabilidad, puntualidad.<\/p>",
        "protected": false
    },
    "featured_media": 27661,
    "comment_status": "open",
    "ping_status": "closed",
    "template": "",
    "candidate_category": [
        284,
        281,
        279
    ],
    "candidate_location": [],
    "candidate_tag": [],
    "class_list": [
        "post-27658",
        "candidate",
        "type-candidate",
        "status-publish",
        "has-post-thumbnail",
        "hentry",
        "candidate_category-construccion",
        "candidate_category-finanzas",
        "candidate_category-marketing"
    ],
    "yoast_head": "<!-- This site is optimized with the Yoast SEO plugin v24.0 - https:\/\/yoast.com\/wordpress\/plugins\/seo\/ -->\n<title>Eduardo Alejandro Imeri Velarde - Contratame.online<\/title>\n<meta name=\"robots\" content=\"index, follow, max-snippet:-1, max-image-preview:large, max-video-preview:-1\" \/>\n<link rel=\"canonical\" href=\"https:\/\/contratame.online\/en\/candidate\/eaimeri1961\/\" \/>\n<meta property=\"og:locale\" content=\"en_US\" \/>\n<meta property=\"og:type\" content=\"article\" \/>\n<meta property=\"og:title\" content=\"Eduardo Alejandro Imeri Velarde - Contratame.online\" \/>\n<meta property=\"og:description\" content=\"Profesional con +20 a\u00f1os de experiencia como Gerente General &#8211; Gerente de Pa\u00eds &#8211; Director Regional Financiero &#8211; Director Comercial para empresas de consumo masivo B2B y B2C, desarrollo inmobiliario, telecomunicaciones y Hoteler\u00eda. Capacidad para trabajar en equipos de alto desempe\u00f1o y multidisciplinarios, proactividad, compromiso, creatividad, responsabilidad, puntualidad.\" \/>\n<meta property=\"og:url\" content=\"https:\/\/contratame.online\/en\/candidate\/eaimeri1961\/\" \/>\n<meta property=\"og:site_name\" content=\"Contratame.online\" \/>\n<meta property=\"article:publisher\" content=\"https:\/\/www.facebook.com\/contratamegt\" \/>\n<meta property=\"article:modified_time\" content=\"2025-05-23T23:17:32+00:00\" \/>\n<meta property=\"og:image\" content=\"https:\/\/contratame.online\/wp-content\/uploads\/wp-job-board-pro-uploads\/_candidate_featured_image\/2025\/05\/IMAGEN-EDUARDO-IMERI.jpg\" \/>\n\t<meta property=\"og:image:width\" content=\"207\" \/>\n\t<meta property=\"og:image:height\" content=\"194\" \/>\n\t<meta property=\"og:image:type\" content=\"image\/jpeg\" \/>\n<meta name=\"twitter:card\" content=\"summary_large_image\" \/>\n<script type=\"application\/ld+json\" class=\"yoast-schema-graph\">{\"@context\":\"https:\/\/schema.org\",\"@graph\":[{\"@type\":\"WebPage\",\"@id\":\"https:\/\/contratame.online\/en\/candidate\/eaimeri1961\/\",\"url\":\"https:\/\/contratame.online\/en\/candidate\/eaimeri1961\/\",\"name\":\"Eduardo Alejandro Imeri Velarde - Contratame.online\",\"isPartOf\":{\"@id\":\"https:\/\/contratame.online\/#website\"},\"primaryImageOfPage\":{\"@id\":\"https:\/\/contratame.online\/en\/candidate\/eaimeri1961\/#primaryimage\"},\"image\":{\"@id\":\"https:\/\/contratame.online\/en\/candidate\/eaimeri1961\/#primaryimage\"},\"thumbnailUrl\":\"https:\/\/contratame.online\/wp-content\/uploads\/wp-job-board-pro-uploads\/_candidate_featured_image\/2025\/05\/IMAGEN-EDUARDO-IMERI.jpg\",\"datePublished\":\"2025-05-23T22:27:45+00:00\",\"dateModified\":\"2025-05-23T23:17:32+00:00\",\"breadcrumb\":{\"@id\":\"https:\/\/contratame.online\/en\/candidate\/eaimeri1961\/#breadcrumb\"},\"inLanguage\":\"en-US\",\"potentialAction\":[{\"@type\":\"ReadAction\",\"target\":[\"https:\/\/contratame.online\/en\/candidate\/eaimeri1961\/\"]}]},{\"@type\":\"ImageObject\",\"inLanguage\":\"en-US\",\"@id\":\"https:\/\/contratame.online\/en\/candidate\/eaimeri1961\/#primaryimage\",\"url\":\"https:\/\/contratame.online\/wp-content\/uploads\/wp-job-board-pro-uploads\/_candidate_featured_image\/2025\/05\/IMAGEN-EDUARDO-IMERI.jpg\",\"contentUrl\":\"https:\/\/contratame.online\/wp-content\/uploads\/wp-job-board-pro-uploads\/_candidate_featured_image\/2025\/05\/IMAGEN-EDUARDO-IMERI.jpg\",\"width\":207,\"height\":194},{\"@type\":\"BreadcrumbList\",\"@id\":\"https:\/\/contratame.online\/en\/candidate\/eaimeri1961\/#breadcrumb\",\"itemListElement\":[{\"@type\":\"ListItem\",\"position\":1,\"name\":\"Portada\",\"item\":\"https:\/\/contratame.online\/\"},{\"@type\":\"ListItem\",\"position\":2,\"name\":\"Candidates\",\"item\":\"https:\/\/contratame.online\/en\/candidate\/\"},{\"@type\":\"ListItem\",\"position\":3,\"name\":\"Eduardo Alejandro Imeri Velarde\"}]},{\"@type\":\"WebSite\",\"@id\":\"https:\/\/contratame.online\/#website\",\"url\":\"https:\/\/contratame.online\/\",\"name\":\"Contratame.online\",\"description\":\"Encuentra el empleo que siempre so\u00f1aste.\",\"publisher\":{\"@id\":\"https:\/\/contratame.online\/#organization\"},\"potentialAction\":[{\"@type\":\"SearchAction\",\"target\":{\"@type\":\"EntryPoint\",\"urlTemplate\":\"https:\/\/contratame.online\/?s={search_term_string}\"},\"query-input\":{\"@type\":\"PropertyValueSpecification\",\"valueRequired\":true,\"valueName\":\"search_term_string\"}}],\"inLanguage\":\"en-US\"},{\"@type\":\"Organization\",\"@id\":\"https:\/\/contratame.online\/#organization\",\"name\":\"CONTRATA ME\",\"url\":\"https:\/\/contratame.online\/\",\"logo\":{\"@type\":\"ImageObject\",\"inLanguage\":\"en-US\",\"@id\":\"https:\/\/contratame.online\/#\/schema\/logo\/image\/\",\"url\":\"https:\/\/contratame.online\/wp-content\/uploads\/2023\/07\/logohd.png\",\"contentUrl\":\"https:\/\/contratame.online\/wp-content\/uploads\/2023\/07\/logohd.png\",\"width\":150,\"height\":50,\"caption\":\"CONTRATA ME\"},\"image\":{\"@id\":\"https:\/\/contratame.online\/#\/schema\/logo\/image\/\"},\"sameAs\":[\"https:\/\/www.facebook.com\/contratamegt\"]}]}<\/script>\n<!-- \/ Yoast SEO plugin. -->",
    "yoast_head_json": {
        "title": "Eduardo Alejandro Imeri Velarde - Contratame.online",
        "robots": {
            "index": "index",
            "follow": "follow",
            "max-snippet": "max-snippet:-1",
            "max-image-preview": "max-image-preview:large",
            "max-video-preview": "max-video-preview:-1"
        },
        "canonical": "https:\/\/contratame.online\/en\/candidate\/eaimeri1961\/",
        "og_locale": "en_US",
        "og_type": "article",
        "og_title": "Eduardo Alejandro Imeri Velarde - Contratame.online",
        "og_description": "Profesional con +20 a\u00f1os de experiencia como Gerente General &#8211; Gerente de Pa\u00eds &#8211; Director Regional Financiero &#8211; Director Comercial para empresas de consumo masivo B2B y B2C, desarrollo inmobiliario, telecomunicaciones y Hoteler\u00eda. Capacidad para trabajar en equipos de alto desempe\u00f1o y multidisciplinarios, proactividad, compromiso, creatividad, responsabilidad, puntualidad.",
        "og_url": "https:\/\/contratame.online\/en\/candidate\/eaimeri1961\/",
        "og_site_name": "Contratame.online",
        "article_publisher": "https:\/\/www.facebook.com\/contratamegt",
        "article_modified_time": "2025-05-23T23:17:32+00:00",
        "og_image": [
            {
                "width": 207,
                "height": 194,
                "url": "https:\/\/contratame.online\/wp-content\/uploads\/wp-job-board-pro-uploads\/_candidate_featured_image\/2025\/05\/IMAGEN-EDUARDO-IMERI.jpg",
                "type": "image\/jpeg"
            }
        ],
        "twitter_card": "summary_large_image",
        "schema": {
            "@context": "https:\/\/schema.org",
            "@graph": [
                {
                    "@type": "WebPage",
                    "@id": "https:\/\/contratame.online\/en\/candidate\/eaimeri1961\/",
                    "url": "https:\/\/contratame.online\/en\/candidate\/eaimeri1961\/",
                    "name": "Eduardo Alejandro Imeri Velarde - Contratame.online",
                    "isPartOf": {
                        "@id": "https:\/\/contratame.online\/#website"
                    },
                    "primaryImageOfPage": {
                        "@id": "https:\/\/contratame.online\/en\/candidate\/eaimeri1961\/#primaryimage"
                    },
                    "image": {
                        "@id": "https:\/\/contratame.online\/en\/candidate\/eaimeri1961\/#primaryimage"
                    },
                    "thumbnailUrl": "https:\/\/contratame.online\/wp-content\/uploads\/wp-job-board-pro-uploads\/_candidate_featured_image\/2025\/05\/IMAGEN-EDUARDO-IMERI.jpg",
                    "datePublished": "2025-05-23T22:27:45+00:00",
                    "dateModified": "2025-05-23T23:17:32+00:00",
                    "breadcrumb": {
                        "@id": "https:\/\/contratame.online\/en\/candidate\/eaimeri1961\/#breadcrumb"
                    },
                    "inLanguage": "en-US",
                    "potentialAction": [
                        {
                            "@type": "ReadAction",
                            "target": [
                                "https:\/\/contratame.online\/en\/candidate\/eaimeri1961\/"
                            ]
                        }
                    ]
                },
                {
                    "@type": "ImageObject",
                    "inLanguage": "en-US",
                    "@id": "https:\/\/contratame.online\/en\/candidate\/eaimeri1961\/#primaryimage",
                    "url": "https:\/\/contratame.online\/wp-content\/uploads\/wp-job-board-pro-uploads\/_candidate_featured_image\/2025\/05\/IMAGEN-EDUARDO-IMERI.jpg",
                    "contentUrl": "https:\/\/contratame.online\/wp-content\/uploads\/wp-job-board-pro-uploads\/_candidate_featured_image\/2025\/05\/IMAGEN-EDUARDO-IMERI.jpg",
                    "width": 207,
                    "height": 194
                },
                {
                    "@type": "BreadcrumbList",
                    "@id": "https:\/\/contratame.online\/en\/candidate\/eaimeri1961\/#breadcrumb",
                    "itemListElement": [
                        {
                            "@type": "ListItem",
                            "position": 1,
                            "name": "Portada",
                            "item": "https:\/\/contratame.online\/"
                        },
                        {
                            "@type": "ListItem",
                            "position": 2,
                            "name": "Candidates",
                            "item": "https:\/\/contratame.online\/en\/candidate\/"
                        },
                        {
                            "@type": "ListItem",
                            "position": 3,
                            "name": "Eduardo Alejandro Imeri Velarde"
                        }
                    ]
                },
                {
                    "@type": "WebSite",
                    "@id": "https:\/\/contratame.online\/#website",
                    "url": "https:\/\/contratame.online\/",
                    "name": "Contratame.online",
                    "description": "Encuentra el empleo que siempre so\u00f1aste.",
                    "publisher": {
                        "@id": "https:\/\/contratame.online\/#organization"
                    },
                    "potentialAction": [
                        {
                            "@type": "SearchAction",
                            "target": {
                                "@type": "EntryPoint",
                                "urlTemplate": "https:\/\/contratame.online\/?s={search_term_string}"
                            },
                            "query-input": {
                                "@type": "PropertyValueSpecification",
                                "valueRequired": true,
                                "valueName": "search_term_string"
                            }
                        }
                    ],
                    "inLanguage": "en-US"
                },
                {
                    "@type": "Organization",
                    "@id": "https:\/\/contratame.online\/#organization",
                    "name": "CONTRATA ME",
                    "url": "https:\/\/contratame.online\/",
                    "logo": {
                        "@type": "ImageObject",
                        "inLanguage": "en-US",
                        "@id": "https:\/\/contratame.online\/#\/schema\/logo\/image\/",
                        "url": "https:\/\/contratame.online\/wp-content\/uploads\/2023\/07\/logohd.png",
                        "contentUrl": "https:\/\/contratame.online\/wp-content\/uploads\/2023\/07\/logohd.png",
                        "width": 150,
                        "height": 50,
                        "caption": "CONTRATA ME"
                    },
                    "image": {
                        "@id": "https:\/\/contratame.online\/#\/schema\/logo\/image\/"
                    },
                    "sameAs": [
                        "https:\/\/www.facebook.com\/contratamegt"
                    ]
                }
            ]
        }
    },
    "metas": {
        "_candidate_location": [],
        "_candidate_age": "63",
        "_candidate_gender": "Masculino",
        "_candidate_phone": "52022477",
        "_candidate_email": "eaimeri1961@hotmail.com",
        "_candidate_qualification": "Maestr\u00eda",
        "_candidate_job_title": "Lic. en Administraci\u00f3n de empresas con MBA en Finanzas",
        "_candidate_experience_time": "+6 A\u00f1os",
        "_candidate_salary": "",
        "_candidate_languages": [
            "Espa\u00f1ol",
            "Ingl\u00e9s"
        ],
        "_candidate_skill": "",
        "_candidate_category": {
            "284": "Construcci\u00f3n",
            "281": "Finanzas",
            "279": "Marketing"
        },
        "_candidate_cv_attachment": {
            "27660": "https:\/\/contratame.online\/wp-content\/uploads\/2025\/05\/CV-EDUARDO-ALEJANDRO-IMERI-VELARDE-23-5-25.pdf"
        },
        "_candidate_education": [
            {
                "title": "Licenciado en Administraci\u00f3n de Empresas",
                "academy": "Universidad Rafael Landivar",
                "year": "1984-1989",
                "description": ""
            },
            {
                "title": "MBA en Finanzas",
                "academy": "INCAE",
                "year": "2011-2012"
            }
        ],
        "_candidate_experience": [
            {
                "title": "Gerente General",
                "start_date": "Mayo 2023",
                "end_date": "Septiembre 2024",
                "company": "Asociaci\u00f3n Mayan Golf Club",
                "description": "L\u00edder estrat\u00e9gico y operativo responsable de la gesti\u00f3n integral del club, incluyendo operaciones de campo, golf, alimentos y bebidas, mantenimiento, recursos humanos y relaciones con los socios. Con habilidades de comunicaci\u00f3n, liderazgo, planificaci\u00f3n estrat\u00e9gica, gesti\u00f3n de personas, gesti\u00f3n de cambio,  y gesti\u00f3n de planificaci\u00f3n financiera para dirigir el equipo y asegurar el buen funcionamiento. Desarrollo de remodelaci\u00f3n de cuatro proyectos en  simult\u00e1neo.\r\nLogros:\r\n- Incremento en afiliaciones de nuevos socios en un 35% anual\r\n- Incremento en eventos deportivos y sociales en un 60% anual\r\n- Recuperaci\u00f3n de cartera de socios en un 25%\r\n- Ahorro en costos de un 40% en compra de maquinaria y equipos a trav\u00e9s de una buena gesti\u00f3n en compras\r\n- Reestructuraci\u00f3n de los equipos de trabajo en base a las necesidades reales del negocio\r\n"
            },
            {
                "title": "Director Comercial",
                "start_date": "Enero 2021",
                "end_date": "Junio 2022",
                "company": "Sur Desarrollos",
                "description": "Responsable de la planificaci\u00f3n, direcci\u00f3n y coordinaci\u00f3n de la estrategia comercial de la empresa, incluyendo la gesti\u00f3n de equipos de ventas, la definici\u00f3n de precios, y la implementaci\u00f3n de campa\u00f1as de marketing maximizando los ingresos y la rentabilidad del negocio. Comunicaci\u00f3n y negociaci\u00f3n con clientes claves y estrat\u00e9gicos. Coordinaci\u00f3n de unidades de trabajo. Marcar objetivos a toda la fuerza comercial de los diferentes proyectos. Con habilidades de liderazgo, ventas, estrategia, gesti\u00f3n, comunicaci\u00f3n, adaptabilidad, gesti\u00f3n de personas, gesti\u00f3n de cambio,  y gesti\u00f3n de planificaci\u00f3n financiera para dirigir los equipos.                                                                             \r\nLogros:\r\n- Cierre de proyectos MODRA, FIAMENE, NARAMA, GRANAT, ROQUE, con un 90% de venta\r\n- Manejo de equipos multidisciplinarios\r\n- Incremento de cartera de clientes claves en un 20% para compra de mayor numero de vivienda vertical y comercios\r\n"
            },
            {
                "title": "Gerente Comercial",
                "start_date": "Febrero 2014",
                "end_date": "Septiembre 2020",
                "company": "Corporaci\u00f3n Victoria",
                "description": "Responsable de liderar y gestionar los equipos de ventas, planificar estrategias comerciales, analizar el mercado y las tendencias, y asegurar el cumplimiento de las metas de ventas. Impulsar el crecimiento y la rentabilidad de la empresa a trav\u00e9s de la gesti\u00f3n efectiva de los procesos de ventas. Definir la estrategia comercial a mediano y largo plazo. Dise\u00f1o de procesos de ventas escalables. Toma de decisiones basadas en datos reales. Alineaci\u00f3n con estrategias de marketing y finanzas. Desarrollo de talento comercial. Anticipaci\u00f3n a problemas y oportunidades. Seguimiento a cumplimientos de indicadores de desempe\u00f1o. Con habilidades de gesti\u00f3n de ventas, desarrollo de negocios, negociaci\u00f3n, relaciones con clientes, an\u00e1lisis del mercado y planificaci\u00f3n estrat\u00e9gica.  \r\nLogros:\r\n- Crear estrategias de ventas que incrementaron los ingresos un 35 %\r\n- Manejo de negociaciones con importantes clientes inversionistas\r\n- Reducci\u00f3n de  gastos un 22 % en mi \u00faltimo bimestre de gesti\u00f3n\r\n- Establecer planes de acci\u00f3n que nos llevaron a alcanzar las metas y finalizar la venta de los proyectos en un 80%\r\n- Cierre de proyectos LA FONTANA III, ATTICA I y II, SEGHERIA, TORINO II, BARLETTA, VERONA\r\n"
            },
            {
                "title": "Director Regional Financiero",
                "start_date": "Enero 2012",
                "end_date": "Enero 2014",
                "company": "RIGEL - RESTIZ - ALBAVISION",
                "description": "Gesti\u00f3n de  las finanzas del grupo de empresas a nivel regional. Crear estrategias financieras, supervisar y asegurar la salud financiera, optimizando recursos y cumpliendo con los objetivos financieros de la organizaci\u00f3n. Implementaci\u00f3n de contabilidad Anal\u00edtica-Financiera y an\u00e1lisis peri\u00f3dico de ingresos\/gastos en cada una de las operaciones. Contrataci\u00f3n del mejor equipo de directores-gerentes generales y gerentes financieros de las filiales.\r\nLogros:\r\n-Apertura de 12 operaciones nuevas de televisi\u00f3n satelital en centro y sur am\u00e9rica\r\n-Dirigir la planificaci\u00f3n estrat\u00e9gica de la empresa para un crecimiento del 70%\r\n-Instauraci\u00f3n de nuevos procesos de an\u00e1lisis ingresos\/gastos\r\n-Reducci\u00f3n de costos financieros en un 40% anual\r\n-Disminuci\u00f3n de riesgos financieros inter compa\u00f1\u00edas en un 14%\r\n"
            },
            {
                "title": "Consultor Gerencial",
                "start_date": "Octubre 2010",
                "end_date": "Diciembre 2011",
                "company": "Laboratorios Vizcaino",
                "description": "Apoyo a la empresa en mejorar su desempe\u00f1o a trav\u00e9s de la identificaci\u00f3n y soluci\u00f3n de problemas y asesoramiento en la gesti\u00f3n. Estudiar y analizar la empresa a profundidad. Definir oportunidades nuevas de negocio a corto y mediano plazo para el desarrollo de canales no tradicionales. Establecer estrategias de resoluci\u00f3n de las necesidades. Con habilidades de an\u00e1lisis estrat\u00e9gico, liderazgo, gesti\u00f3n de proyectos, comunicaci\u00f3n efectiva, trabajo en equipo.\r\nLogros\r\n-Se identificaron las fortalezas y debilidades de la empresa\r\n-Implementaci\u00f3n de planes de acci\u00f3n para el desarrollo de nuevos productos\r\n-Se encuentran nichos de mercado en el canal de distribuci\u00f3n horizontal  para introducir nuevos productos de alta\r\n rotaci\u00f3n\r\n-Se buscan f\u00e1bricas fuera de Guatemala que puedan elaborar los productos con alto potencial de mercado en el canal\r\n OTC. \r\n\r\n"
            },
            {
                "title": "Director de Pais",
                "start_date": "Enero 2002",
                "end_date": "Septiembre 2010",
                "company": "Alimentos Ideal - Mercopan",
                "description": "Responsable de supervisar y liderar las operaciones de la empresa en Panam\u00e1, garantizando la rentabilidad y \u00e9xito de la operaci\u00f3n. Desarrollo e implementaci\u00f3n de las estrategias comerciales necesarias para cada una de las marcas asignadas, Gesti\u00f3n de equipos, liderazgo estrat\u00e9gico, gesti\u00f3n de proyectos, capacidad de negociaci\u00f3n, toma de decisiones, motivaci\u00f3n de personal, desarrollo de personal y relaci\u00f3n con stakeholders.Representante de la empresa ante el pa\u00eds anfitri\u00f3n. Manejo de canales Tradicional\/Moderno\/Detalle e\r\nInstitucional. Planificaci\u00f3n de estrategias para la comercializaci\u00f3n colocaci\u00f3n  masiva de productos y servicios alineados a la misi\u00f3n de casa matriz. Cumplir con las condiciones de pol\u00edtica laboral local para cumplir con las leyes y regulaciones. Supervisar la log\u00edstica de distribuci\u00f3n y aumentar la rentabilidad operativa.  Con habilidades de comunicaci\u00f3n, liderazgo, planificaci\u00f3n estrat\u00e9gica, gesti\u00f3n de personas, gesti\u00f3n de cambio, y gesti\u00f3n de\r\nplanificaci\u00f3n financiera para dirigir el equipo y asegurar el buen funcionamiento.\r\nLogros:\r\n-  Incremento en la productividad de un 12.53% como promedio en mi gesti\u00f3n.\r\n-  Reducci\u00f3n de gastos financieros en un 12%\r\n-  Se posiciono los productos como l\u00edderes en el pa\u00eds asignado.\r\n-  Fortalecimiento de relaciones con clientes mayoristas y supermercados.\r\n"
            },
            {
                "title": "Gerente General",
                "start_date": "Enero 1999",
                "end_date": "Diciembre 2001",
                "company": "Grupo COCOBA - DISCEL",
                "description": "Responsable de la estrategia, gesti\u00f3n y cumplimiento de los objetivos de la empresa. Planificaci\u00f3n, organizaci\u00f3n,direcci\u00f3n, control y coordinaci\u00f3n de todas las actividades, adem\u00e1s de representar a la compa\u00f1\u00eda en el \u00e1mbito comercial y social. Manejo de canales Tradicional - Moderno \u2013 Detalle \u2013 Institucional. Planificaci\u00f3n, organizaci\u00f3n. Conducci\u00f3n estrat\u00e9gica de la organizaci\u00f3n. Dise\u00f1o de  estrategias y establecer metas de crecimiento. \r\nCon habilidades de comunicaci\u00f3n, liderazgo, planificaci\u00f3n estrat\u00e9gica, gesti\u00f3n de personas, gesti\u00f3n de cambio,  y gesti\u00f3n de planificaci\u00f3n financiera.              \r\nLogros:\r\n- Se posiciono a la empresa como l\u00edder a nivel nacional y  la regi\u00f3n Centroamericana. \r\n- Incremento de los ingresos en un 14% en 1999 vs 2000 y un 18% 2000 vs 2001 \r\n- Reducci\u00f3n de  costos generales en 13%\r\n- Fidelizaci\u00f3n de los clientes principales de la empresa (55% de la facturaci\u00f3n total)\r\n"
            },
            {
                "title": "Director Comercial",
                "start_date": "Diciembre 1994",
                "end_date": "Diciembre 1998",
                "company": "CODISA - DIMSA - AIMSA",
                "description": "Responsable de definir y ejecutar las estrategias comerciales de las distribuidoras dedicadas a la distribuci\u00f3n y comercializaci\u00f3n de productos de consumo de alta rotaci\u00f3n. Desarrollo de planes de marketing, liderazgo, delegaci\u00f3n, orientaci\u00f3n a resultados, motivaci\u00f3n, gesti\u00f3n de equipos de ventas multidisciplinarios. Negociaci\u00f3n con clientes clave y maximizaci\u00f3n de los ingresos de la empresa. Manejo de canales Tradicional\/Moderno\/Detalle e Institucional. Planificaci\u00f3n, organizaci\u00f3n y supervisi\u00f3n general de las empresas. Conducci\u00f3n estrat\u00e9gica de la organizaci\u00f3n. Dise\u00f1o de estrategias y establecer metas de crecimiento. Lanzamiento de nuevos productos.\r\nLogros:\r\n- Posicionar a la empresa como l\u00edder en el mercado nacional.\r\n- Incremento de los ingresos en un 14% en 2000 vs 1999 y un 18% 2001 vs 2000\r\n- Reducci\u00f3n de los costos generales de operaci\u00f3n en 13%\r\n- Fidelizaci\u00f3n de los clientes principales de la empresa (55% de la facturaci\u00f3n total).\r\n- Se agregan al portafolio de productos marcas l\u00edderes SABA, ARCOR\r\n"
            },
            {
                "title": "Gerente General",
                "start_date": "Enero 1988",
                "end_date": "Octubre 1994",
                "company": "Grupo Papelero Siman",
                "description": "Responsable de la estrategia, gesti\u00f3n y cumplimiento de los objetivos de la empresa. Planificaci\u00f3n, organizaci\u00f3n,direcci\u00f3n, control y coordinaci\u00f3n de todas las actividades, adem\u00e1s de representar a la compa\u00f1\u00eda en el \u00e1mbito comercial y social. Manejo de canales Tradicional, Moderno y detalle a nivel nacional y C.A. Negociaciones especiales directas. Lanzamiento de nuevos productos. Con habilidades de comunicaci\u00f3n, liderazgo, planificaci\u00f3n estrat\u00e9gica, gesti\u00f3n de personas, gesti\u00f3n de cambio,  y gesti\u00f3n de planificaci\u00f3n financiera para dirigir el equipo y asegurar el buen funcionamiento.\r\nLogros:\r\n- Posicionar a la empresa como l\u00edder en productos escolares\r\n- L\u00edder en distribuci\u00f3n en los diferentes canales de papel higi\u00e9nico\r\n"
            }
        ],
        "_candidate_logo": "https:\/\/contratame.online\/wp-content\/uploads\/wp-job-board-pro-uploads\/_candidate_featured_image\/2025\/05\/IMAGEN-EDUARDO-IMERI-150x150.jpg"
    },
    "_links": {
        "self": [
            {
                "href": "https:\/\/contratame.online\/en\/wp-json\/wp\/v2\/candidate\/27658",
                "targetHints": {
                    "allow": [
                        "GET"
                    ]
                }
            }
        ],
        "collection": [
            {
                "href": "https:\/\/contratame.online\/en\/wp-json\/wp\/v2\/candidate"
            }
        ],
        "about": [
            {
                "href": "https:\/\/contratame.online\/en\/wp-json\/wp\/v2\/types\/candidate"
            }
        ],
        "replies": [
            {
                "embeddable": true,
                "href": "https:\/\/contratame.online\/en\/wp-json\/wp\/v2\/comments?post=27658"
            }
        ],
        "version-history": [
            {
                "count": 1,
                "href": "https:\/\/contratame.online\/en\/wp-json\/wp\/v2\/candidate\/27658\/revisions"
            }
        ],
        "predecessor-version": [
            {
                "id": 27659,
                "href": "https:\/\/contratame.online\/en\/wp-json\/wp\/v2\/candidate\/27658\/revisions\/27659"
            }
        ],
        "wp:featuredmedia": [
            {
                "embeddable": true,
                "href": "https:\/\/contratame.online\/en\/wp-json\/wp\/v2\/media\/27661"
            }
        ],
        "wp:attachment": [
            {
                "href": "https:\/\/contratame.online\/en\/wp-json\/wp\/v2\/media?parent=27658"
            }
        ],
        "wp:term": [
            {
                "taxonomy": "candidate_category",
                "embeddable": true,
                "href": "https:\/\/contratame.online\/en\/wp-json\/wp\/v2\/candidate_category?post=27658"
            },
            {
                "taxonomy": "candidate_location",
                "embeddable": true,
                "href": "https:\/\/contratame.online\/en\/wp-json\/wp\/v2\/candidate_location?post=27658"
            },
            {
                "taxonomy": "candidate_tag",
                "embeddable": true,
                "href": "https:\/\/contratame.online\/en\/wp-json\/wp\/v2\/candidate_tag?post=27658"
            }
        ],
        "curies": [
            {
                "name": "wp",
                "href": "https:\/\/api.w.org\/{rel}",
                "templated": true
            }
        ]
    }
}