{
    "id": 75024,
    "date": "2026-03-12T11:36:48",
    "date_gmt": "2026-03-12T17:36:48",
    "guid": {
        "rendered": "https:\/\/contratame.online\/es\/candidate\/mencosdayli\/"
    },
    "modified": "2026-03-23T13:56:15",
    "modified_gmt": "2026-03-23T19:56:15",
    "slug": "mencosdayli",
    "status": "publish",
    "type": "candidate",
    "link": "https:\/\/contratame.online\/en\/candidate\/mencosdayli\/",
    "title": {
        "rendered": "DAYLI ROSARIO MENCOS MEDRANO"
    },
    "content": {
        "rendered": "<p>Me caracterizo por ser una persona constante, responsable y comprometida con el cumplimiento de mis metas, realizando las actividades asignadas con prontitud y altos est\u00e1ndares de calidad. He continuado con mi formaci\u00f3n en el \u00e1rea jur\u00eddica para fortalecer mis conocimientos y optar a oportunidades laborales, realizando pasant\u00edas en la Defensa P\u00fablica Penal, espec\u00edficamente en la Coordinaci\u00f3n de Impugnaciones. En mi experiencia laboral he desempe\u00f1ado cargos como supervisora y capacitadora, desarrollando habilidades de liderazgo, organizaci\u00f3n y trabajo en equipo, incluso teniendo la oportunidad de viajar a otro pa\u00eds para capacitar a personal de nuevo ingreso. Me destaco por mi actitud proactiva, mi capacidad para resolver conflictos y por aportar ideas innovadoras que contribuyen al cumplimiento de los objetivos institucionales<\/p>",
        "protected": false
    },
    "featured_media": 75027,
    "comment_status": "open",
    "ping_status": "closed",
    "template": "",
    "candidate_category": [
        278
    ],
    "candidate_location": [
        167
    ],
    "candidate_tag": [],
    "class_list": [
        "post-75024",
        "candidate",
        "type-candidate",
        "status-publish",
        "has-post-thumbnail",
        "hentry",
        "candidate_category-desarrollador",
        "candidate_location-guatemala"
    ],
    "yoast_head": "<!-- This site is optimized with the Yoast SEO plugin v24.0 - https:\/\/yoast.com\/wordpress\/plugins\/seo\/ -->\n<title>DAYLI ROSARIO MENCOS MEDRANO - Contratame.online<\/title>\n<meta name=\"robots\" content=\"index, follow, max-snippet:-1, max-image-preview:large, max-video-preview:-1\" \/>\n<link rel=\"canonical\" href=\"https:\/\/contratame.online\/en\/candidate\/mencosdayli\/\" \/>\n<meta property=\"og:locale\" content=\"en_US\" \/>\n<meta property=\"og:type\" content=\"article\" \/>\n<meta property=\"og:title\" content=\"DAYLI ROSARIO MENCOS MEDRANO - Contratame.online\" \/>\n<meta property=\"og:description\" content=\"Me caracterizo por ser una persona constante, responsable y comprometida con el cumplimiento de mis metas, realizando las actividades asignadas con prontitud y altos est\u00e1ndares de calidad. He continuado con mi formaci\u00f3n en el \u00e1rea jur\u00eddica para fortalecer mis conocimientos y optar a oportunidades laborales, realizando pasant\u00edas en la Defensa P\u00fablica Penal, espec\u00edficamente en la [&hellip;]\" \/>\n<meta property=\"og:url\" content=\"https:\/\/contratame.online\/en\/candidate\/mencosdayli\/\" \/>\n<meta property=\"og:site_name\" content=\"Contratame.online\" \/>\n<meta property=\"article:publisher\" content=\"https:\/\/www.facebook.com\/contratamegt\" \/>\n<meta property=\"article:modified_time\" content=\"2026-03-23T19:56:15+00:00\" \/>\n<meta property=\"og:image\" content=\"https:\/\/contratame.online\/wp-content\/uploads\/wp-job-board-pro-uploads\/_candidate_featured_image\/2026\/03\/WhatsApp-Image-2026-01-28-at-10.35.31-PM.jpeg\" \/>\n\t<meta property=\"og:image:width\" content=\"1042\" \/>\n\t<meta property=\"og:image:height\" content=\"1600\" \/>\n\t<meta property=\"og:image:type\" content=\"image\/jpeg\" \/>\n<meta name=\"twitter:card\" content=\"summary_large_image\" \/>\n<meta name=\"twitter:label1\" content=\"Est. reading time\" \/>\n\t<meta name=\"twitter:data1\" content=\"1 minute\" \/>\n<script type=\"application\/ld+json\" class=\"yoast-schema-graph\">{\"@context\":\"https:\/\/schema.org\",\"@graph\":[{\"@type\":\"WebPage\",\"@id\":\"https:\/\/contratame.online\/es\/candidate\/mencosdayli\/\",\"url\":\"https:\/\/contratame.online\/es\/candidate\/mencosdayli\/\",\"name\":\"DAYLI ROSARIO MENCOS MEDRANO - Contratame.online\",\"isPartOf\":{\"@id\":\"https:\/\/contratame.online\/#website\"},\"primaryImageOfPage\":{\"@id\":\"https:\/\/contratame.online\/es\/candidate\/mencosdayli\/#primaryimage\"},\"image\":{\"@id\":\"https:\/\/contratame.online\/es\/candidate\/mencosdayli\/#primaryimage\"},\"thumbnailUrl\":\"https:\/\/contratame.online\/wp-content\/uploads\/wp-job-board-pro-uploads\/_candidate_featured_image\/2026\/03\/WhatsApp-Image-2026-01-28-at-10.35.31-PM.jpeg\",\"datePublished\":\"2026-03-12T17:36:48+00:00\",\"dateModified\":\"2026-03-23T19:56:15+00:00\",\"breadcrumb\":{\"@id\":\"https:\/\/contratame.online\/es\/candidate\/mencosdayli\/#breadcrumb\"},\"inLanguage\":\"en-US\",\"potentialAction\":[{\"@type\":\"ReadAction\",\"target\":[\"https:\/\/contratame.online\/es\/candidate\/mencosdayli\/\"]}]},{\"@type\":\"ImageObject\",\"inLanguage\":\"en-US\",\"@id\":\"https:\/\/contratame.online\/es\/candidate\/mencosdayli\/#primaryimage\",\"url\":\"https:\/\/contratame.online\/wp-content\/uploads\/wp-job-board-pro-uploads\/_candidate_featured_image\/2026\/03\/WhatsApp-Image-2026-01-28-at-10.35.31-PM.jpeg\",\"contentUrl\":\"https:\/\/contratame.online\/wp-content\/uploads\/wp-job-board-pro-uploads\/_candidate_featured_image\/2026\/03\/WhatsApp-Image-2026-01-28-at-10.35.31-PM.jpeg\",\"width\":1042,\"height\":1600},{\"@type\":\"BreadcrumbList\",\"@id\":\"https:\/\/contratame.online\/es\/candidate\/mencosdayli\/#breadcrumb\",\"itemListElement\":[{\"@type\":\"ListItem\",\"position\":1,\"name\":\"Portada\",\"item\":\"https:\/\/contratame.online\/\"},{\"@type\":\"ListItem\",\"position\":2,\"name\":\"Candidates\",\"item\":\"https:\/\/contratame.online\/en\/candidate\/\"},{\"@type\":\"ListItem\",\"position\":3,\"name\":\"DAYLI ROSARIO MENCOS MEDRANO\"}]},{\"@type\":\"WebSite\",\"@id\":\"https:\/\/contratame.online\/#website\",\"url\":\"https:\/\/contratame.online\/\",\"name\":\"Contratame.online\",\"description\":\"Encuentra el empleo que siempre so\u00f1aste.\",\"publisher\":{\"@id\":\"https:\/\/contratame.online\/#organization\"},\"potentialAction\":[{\"@type\":\"SearchAction\",\"target\":{\"@type\":\"EntryPoint\",\"urlTemplate\":\"https:\/\/contratame.online\/?s={search_term_string}\"},\"query-input\":{\"@type\":\"PropertyValueSpecification\",\"valueRequired\":true,\"valueName\":\"search_term_string\"}}],\"inLanguage\":\"en-US\"},{\"@type\":\"Organization\",\"@id\":\"https:\/\/contratame.online\/#organization\",\"name\":\"CONTRATA ME\",\"url\":\"https:\/\/contratame.online\/\",\"logo\":{\"@type\":\"ImageObject\",\"inLanguage\":\"en-US\",\"@id\":\"https:\/\/contratame.online\/#\/schema\/logo\/image\/\",\"url\":\"https:\/\/contratame.online\/wp-content\/uploads\/2023\/07\/logohd.png\",\"contentUrl\":\"https:\/\/contratame.online\/wp-content\/uploads\/2023\/07\/logohd.png\",\"width\":150,\"height\":50,\"caption\":\"CONTRATA ME\"},\"image\":{\"@id\":\"https:\/\/contratame.online\/#\/schema\/logo\/image\/\"},\"sameAs\":[\"https:\/\/www.facebook.com\/contratamegt\"]}]}<\/script>\n<!-- \/ Yoast SEO plugin. -->",
    "yoast_head_json": {
        "title": "DAYLI ROSARIO MENCOS MEDRANO - Contratame.online",
        "robots": {
            "index": "index",
            "follow": "follow",
            "max-snippet": "max-snippet:-1",
            "max-image-preview": "max-image-preview:large",
            "max-video-preview": "max-video-preview:-1"
        },
        "canonical": "https:\/\/contratame.online\/en\/candidate\/mencosdayli\/",
        "og_locale": "en_US",
        "og_type": "article",
        "og_title": "DAYLI ROSARIO MENCOS MEDRANO - Contratame.online",
        "og_description": "Me caracterizo por ser una persona constante, responsable y comprometida con el cumplimiento de mis metas, realizando las actividades asignadas con prontitud y altos est\u00e1ndares de calidad. He continuado con mi formaci\u00f3n en el \u00e1rea jur\u00eddica para fortalecer mis conocimientos y optar a oportunidades laborales, realizando pasant\u00edas en la Defensa P\u00fablica Penal, espec\u00edficamente en la [&hellip;]",
        "og_url": "https:\/\/contratame.online\/en\/candidate\/mencosdayli\/",
        "og_site_name": "Contratame.online",
        "article_publisher": "https:\/\/www.facebook.com\/contratamegt",
        "article_modified_time": "2026-03-23T19:56:15+00:00",
        "og_image": [
            {
                "width": 1042,
                "height": 1600,
                "url": "https:\/\/contratame.online\/wp-content\/uploads\/wp-job-board-pro-uploads\/_candidate_featured_image\/2026\/03\/WhatsApp-Image-2026-01-28-at-10.35.31-PM.jpeg",
                "type": "image\/jpeg"
            }
        ],
        "twitter_card": "summary_large_image",
        "twitter_misc": {
            "Est. reading time": "1 minute"
        },
        "schema": {
            "@context": "https:\/\/schema.org",
            "@graph": [
                {
                    "@type": "WebPage",
                    "@id": "https:\/\/contratame.online\/es\/candidate\/mencosdayli\/",
                    "url": "https:\/\/contratame.online\/es\/candidate\/mencosdayli\/",
                    "name": "DAYLI ROSARIO MENCOS MEDRANO - Contratame.online",
                    "isPartOf": {
                        "@id": "https:\/\/contratame.online\/#website"
                    },
                    "primaryImageOfPage": {
                        "@id": "https:\/\/contratame.online\/es\/candidate\/mencosdayli\/#primaryimage"
                    },
                    "image": {
                        "@id": "https:\/\/contratame.online\/es\/candidate\/mencosdayli\/#primaryimage"
                    },
                    "thumbnailUrl": "https:\/\/contratame.online\/wp-content\/uploads\/wp-job-board-pro-uploads\/_candidate_featured_image\/2026\/03\/WhatsApp-Image-2026-01-28-at-10.35.31-PM.jpeg",
                    "datePublished": "2026-03-12T17:36:48+00:00",
                    "dateModified": "2026-03-23T19:56:15+00:00",
                    "breadcrumb": {
                        "@id": "https:\/\/contratame.online\/es\/candidate\/mencosdayli\/#breadcrumb"
                    },
                    "inLanguage": "en-US",
                    "potentialAction": [
                        {
                            "@type": "ReadAction",
                            "target": [
                                "https:\/\/contratame.online\/es\/candidate\/mencosdayli\/"
                            ]
                        }
                    ]
                },
                {
                    "@type": "ImageObject",
                    "inLanguage": "en-US",
                    "@id": "https:\/\/contratame.online\/es\/candidate\/mencosdayli\/#primaryimage",
                    "url": "https:\/\/contratame.online\/wp-content\/uploads\/wp-job-board-pro-uploads\/_candidate_featured_image\/2026\/03\/WhatsApp-Image-2026-01-28-at-10.35.31-PM.jpeg",
                    "contentUrl": "https:\/\/contratame.online\/wp-content\/uploads\/wp-job-board-pro-uploads\/_candidate_featured_image\/2026\/03\/WhatsApp-Image-2026-01-28-at-10.35.31-PM.jpeg",
                    "width": 1042,
                    "height": 1600
                },
                {
                    "@type": "BreadcrumbList",
                    "@id": "https:\/\/contratame.online\/es\/candidate\/mencosdayli\/#breadcrumb",
                    "itemListElement": [
                        {
                            "@type": "ListItem",
                            "position": 1,
                            "name": "Portada",
                            "item": "https:\/\/contratame.online\/"
                        },
                        {
                            "@type": "ListItem",
                            "position": 2,
                            "name": "Candidates",
                            "item": "https:\/\/contratame.online\/en\/candidate\/"
                        },
                        {
                            "@type": "ListItem",
                            "position": 3,
                            "name": "DAYLI ROSARIO MENCOS MEDRANO"
                        }
                    ]
                },
                {
                    "@type": "WebSite",
                    "@id": "https:\/\/contratame.online\/#website",
                    "url": "https:\/\/contratame.online\/",
                    "name": "Contratame.online",
                    "description": "Encuentra el empleo que siempre so\u00f1aste.",
                    "publisher": {
                        "@id": "https:\/\/contratame.online\/#organization"
                    },
                    "potentialAction": [
                        {
                            "@type": "SearchAction",
                            "target": {
                                "@type": "EntryPoint",
                                "urlTemplate": "https:\/\/contratame.online\/?s={search_term_string}"
                            },
                            "query-input": {
                                "@type": "PropertyValueSpecification",
                                "valueRequired": true,
                                "valueName": "search_term_string"
                            }
                        }
                    ],
                    "inLanguage": "en-US"
                },
                {
                    "@type": "Organization",
                    "@id": "https:\/\/contratame.online\/#organization",
                    "name": "CONTRATA ME",
                    "url": "https:\/\/contratame.online\/",
                    "logo": {
                        "@type": "ImageObject",
                        "inLanguage": "en-US",
                        "@id": "https:\/\/contratame.online\/#\/schema\/logo\/image\/",
                        "url": "https:\/\/contratame.online\/wp-content\/uploads\/2023\/07\/logohd.png",
                        "contentUrl": "https:\/\/contratame.online\/wp-content\/uploads\/2023\/07\/logohd.png",
                        "width": 150,
                        "height": 50,
                        "caption": "CONTRATA ME"
                    },
                    "image": {
                        "@id": "https:\/\/contratame.online\/#\/schema\/logo\/image\/"
                    },
                    "sameAs": [
                        "https:\/\/www.facebook.com\/contratamegt"
                    ]
                }
            ]
        }
    },
    "metas": {
        "_candidate_location": {
            "167": "Guatemala"
        },
        "_candidate_age": "28",
        "_candidate_gender": "Femenino",
        "_candidate_phone": "32617895",
        "_candidate_email": "mencosdayli@gmail.com",
        "_candidate_qualification": "Diversificado",
        "_candidate_job_title": "Universitaria de la Facultad de Ciencias Jur\u00eddicas y Sociales.",
        "_candidate_experience_time": "+6 A\u00f1os",
        "_candidate_salary": "Q6,000",
        "_candidate_languages": [
            "Espa\u00f1ol",
            "Ingl\u00e9s"
        ],
        "_candidate_skill": [
            {
                "title": "Lectura",
                "percentage": "90"
            },
            {
                "title": "Audio",
                "percentage": "85"
            },
            {
                "title": "Hablar",
                "percentage": "75"
            }
        ],
        "_candidate_category": {
            "278": "Desarrollador"
        },
        "_candidate_cv_attachment": {
            "75026": "https:\/\/contratame.online\/wp-content\/uploads\/2026\/03\/HOJA-DE-VIDA-version-final.pdf"
        },
        "_candidate_education": [
            {
                "title": "Secretaria Biling\u00fce",
                "academy": "Escuela Nacional de Formaci\u00f3n Secretarial No. 4",
                "year": "2015",
                "description": "Obtuve el t\u00edtulo a nivel diversificado como Secretar\u00eda Biling\u00fce."
            },
            {
                "title": "Cierre de P\u00e9nsum en la Facultad de Ciencias Jur\u00eddicas y Sociales",
                "academy": "Mariano G\u00e1lvez de Guatemala",
                "year": "2025",
                "description": "Actualmente tengo cierre de p\u00e9nsum de la Facultad de Ciencias Jur\u00eddicas y Sociales de la Universidad Mariano G\u00e1lvez de Guatemala y estoy en proceso de evaluaci\u00f3n para los ex\u00e1menes privados. "
            }
        ],
        "_candidate_experience": [
            {
                "title": "Pasante en el \u00e1rea jur\u00eddica",
                "start_date": "18\/07\/2025",
                "end_date": "02\/18\/2026",
                "company": "Instituto de la Defensa P\u00fablica Penal",
                "description": "Pasante en el \u00e1rea jur\u00eddica de la Coordinaci\u00f3n de Impugnaciones, encargada de realizar procuraciones ante el Organismo Judicial, brindar apoyo en las actividades del abogado, revisar expedientes y archivos, y colaborar en la realizaci\u00f3n de visitas carcelarias."
            },
            {
                "title": "Representante al Servicio al Cliente y capacitadora",
                "start_date": "06\/30\/2021",
                "end_date": "actual",
                "company": "Everise Guatemala Lta.",
                "description": "Soy representante de servicio al cliente, atendiendo llamadas de clientes de seguros m\u00e9dicos para personas mayores de Estados Unidos compa\u00f1\u00eda llamada \"Humana\", brindando soluciones efectivas a sus consultas, solicitudes y reclamaciones sobre el seguro m\u00e9dico. Realic\u00e9 seguimiento a casos para garantizar la satisfacci\u00f3n del cliente y el cumplimiento de sus citas m\u00e9dicas. Gestion\u00e9 informaci\u00f3n en sistemas, manteniendo actualizados los registros de cada interacci\u00f3n. Adem\u00e1s, trabaj\u00e9 en equipo para alcanzar metas de desempe\u00f1o, como tiempos de respuesta, resoluci\u00f3n en la primera llamada y niveles de satisfacci\u00f3n del cliente."
            },
            {
                "title": "Representante al servicio al cliente y Supervisora",
                "start_date": "05\/03\/2018",
                "end_date": "14\/07\/2021",
                "company": "Alorica Latam",
                "description": "Como Agente de Experiencia del cliente, atend\u00ed llamadas de clientes servicios telef\u00f3nicos en el \u00e1rea financiera, cancelaciones, facturaci\u00f3n y ventas de compa\u00f1\u00eda de Estados Unidos llamada \"T-Mobile\", brindando soluciones efectivas a sus consultas. Fui supervisora temporal verificando el cumpliendo del \u00e1rea administrativa."
            },
            {
                "title": "Representante de Servicio al Cliente",
                "start_date": "20\/11\/2017",
                "end_date": "01\/02\/2018",
                "company": "ATENTO",
                "description": "Como Teleoperador, atend\u00ed llamadas de clientes sobre productos de cat\u00e1logo de Estados Unidos  llamada \"Swiss Colony\", brindando soluciones efectivas a sus consultas, solicitudes y reclamaciones. Realic\u00e9 seguimiento a casos sobre compra-venta para garantizar la satisfacci\u00f3n del cliente y el cumplimiento de los est\u00e1ndares de calidad. "
            }
        ],
        "_candidate_logo": "https:\/\/contratame.online\/wp-content\/uploads\/wp-job-board-pro-uploads\/_candidate_featured_image\/2026\/03\/WhatsApp-Image-2026-01-28-at-10.35.31-PM-150x150.jpeg"
    },
    "_links": {
        "self": [
            {
                "href": "https:\/\/contratame.online\/en\/wp-json\/wp\/v2\/candidate\/75024",
                "targetHints": {
                    "allow": [
                        "GET"
                    ]
                }
            }
        ],
        "collection": [
            {
                "href": "https:\/\/contratame.online\/en\/wp-json\/wp\/v2\/candidate"
            }
        ],
        "about": [
            {
                "href": "https:\/\/contratame.online\/en\/wp-json\/wp\/v2\/types\/candidate"
            }
        ],
        "replies": [
            {
                "embeddable": true,
                "href": "https:\/\/contratame.online\/en\/wp-json\/wp\/v2\/comments?post=75024"
            }
        ],
        "version-history": [
            {
                "count": 1,
                "href": "https:\/\/contratame.online\/en\/wp-json\/wp\/v2\/candidate\/75024\/revisions"
            }
        ],
        "predecessor-version": [
            {
                "id": 75025,
                "href": "https:\/\/contratame.online\/en\/wp-json\/wp\/v2\/candidate\/75024\/revisions\/75025"
            }
        ],
        "wp:featuredmedia": [
            {
                "embeddable": true,
                "href": "https:\/\/contratame.online\/en\/wp-json\/wp\/v2\/media\/75027"
            }
        ],
        "wp:attachment": [
            {
                "href": "https:\/\/contratame.online\/en\/wp-json\/wp\/v2\/media?parent=75024"
            }
        ],
        "wp:term": [
            {
                "taxonomy": "candidate_category",
                "embeddable": true,
                "href": "https:\/\/contratame.online\/en\/wp-json\/wp\/v2\/candidate_category?post=75024"
            },
            {
                "taxonomy": "candidate_location",
                "embeddable": true,
                "href": "https:\/\/contratame.online\/en\/wp-json\/wp\/v2\/candidate_location?post=75024"
            },
            {
                "taxonomy": "candidate_tag",
                "embeddable": true,
                "href": "https:\/\/contratame.online\/en\/wp-json\/wp\/v2\/candidate_tag?post=75024"
            }
        ],
        "curies": [
            {
                "name": "wp",
                "href": "https:\/\/api.w.org\/{rel}",
                "templated": true
            }
        ]
    }
}